{"id":27,"count":160,"description":"Pufy i podn\u00f3\u017cki z tapicerk\u0105 w welurze, boucle, sk\u00f3rze i tkaninach naturalnych, na podstawach z litego drewna mango lub metalu. Pe\u0142ni\u0105 trzy funkcje naraz: podn\u00f3\u017cka przy fotelu, dodatkowego siedziska dla go\u015bcia i mi\u0119kkiego stolika po do\u0142o\u017ceniu tacy. Cz\u0119\u015b\u0107 modeli ma schowek pod siedziskiem. To najprostszy spos\u00f3b na do\u0142o\u017cenie koloru i mi\u0119kkiej faktury do wn\u0119trza zdominowanego przez drewno.","link":"https:\/\/mebleartisan.pl\/en\/product-category\/meble\/pufy-i-podnozki\/","name":"Pufy i podn\u00f3\u017cki","slug":"pufy-i-podnozki","taxonomy":"product_cat","parent":22,"meta":[],"menu_order":0,"_links":{"self":[{"href":"https:\/\/mebleartisan.pl\/en\/wp-json\/wp\/v2\/product_cat\/27","targetHints":{"allow":["GET"]}}],"collection":[{"href":"https:\/\/mebleartisan.pl\/en\/wp-json\/wp\/v2\/product_cat"}],"about":[{"href":"https:\/\/mebleartisan.pl\/en\/wp-json\/wp\/v2\/taxonomies\/product_cat"}],"up":[{"embeddable":true,"href":"https:\/\/mebleartisan.pl\/en\/wp-json\/wp\/v2\/product_cat\/22"}],"wp:post_type":[{"href":"https:\/\/mebleartisan.pl\/en\/wp-json\/wp\/v2\/product?product_cat=27"}],"curies":[{"name":"wp","href":"https:\/\/api.w.org\/{rel}","templated":true}]}}